{"id":8306,"date":"2021-01-06T12:26:00","date_gmt":"2021-01-06T09:26:00","guid":{"rendered":"https:\/\/webdemo.humaokullari.com\/?p=8306"},"modified":"2024-01-06T12:28:20","modified_gmt":"2024-01-06T09:28:20","slug":"dr-mehmet-birekuldan-istanbulun-fethi-kutlama-mesaji","status":"publish","type":"post","link":"https:\/\/humaokullari.com\/index.php\/2021\/01\/06\/dr-mehmet-birekuldan-istanbulun-fethi-kutlama-mesaji\/","title":{"rendered":"DR. MEHMET B\u0130REKUL\u2019DAN \u0130STANBUL\u2019UN FETH\u0130 KUTLAMA MESAJI"},"content":{"rendered":"\t\t<div data-elementor-type=\"wp-post\" data-elementor-id=\"8306\" class=\"elementor elementor-8306\">\n\t\t\t\t<div class=\"elementor-element elementor-element-c32f97d e-flex e-con-boxed e-con e-parent\" data-id=\"c32f97d\" data-element_type=\"container\" data-settings=\"{&quot;content_width&quot;:&quot;boxed&quot;}\" data-core-v316-plus=\"true\">\n\t\t\t\t\t<div class=\"e-con-inner\">\n\t\t\t\t<div class=\"elementor-element elementor-element-91d479d elementor-widget elementor-widget-image\" data-id=\"91d479d\" data-element_type=\"widget\" data-widget_type=\"image.default\">\n\t\t\t\t<div class=\"elementor-widget-container\">\n\t\t\t<style>\/*! elementor - v3.19.0 - 28-02-2024 *\/\n.elementor-widget-image{text-align:center}.elementor-widget-image a{display:inline-block}.elementor-widget-image a img[src$=\".svg\"]{width:48px}.elementor-widget-image img{vertical-align:middle;display:inline-block}<\/style>\t\t\t\t\t\t\t\t\t\t<img fetchpriority=\"high\" decoding=\"async\" width=\"699\" height=\"466\" src=\"https:\/\/humaokullari.com\/wp-content\/uploads\/2024\/01\/23.webp\" class=\"attachment-large size-large wp-image-8307\" alt=\"\" srcset=\"https:\/\/humaokullari.com\/wp-content\/uploads\/2024\/01\/23.webp 775w, https:\/\/humaokullari.com\/wp-content\/uploads\/2024\/01\/23-300x200.webp 300w, https:\/\/humaokullari.com\/wp-content\/uploads\/2024\/01\/23-768x512.webp 768w\" sizes=\"(max-width: 699px) 100vw, 699px\" \/>\t\t\t\t\t\t\t\t\t\t\t\t\t<\/div>\n\t\t\t\t<\/div>\n\t\t<div class=\"elementor-element elementor-element-1b46669 e-flex e-con-boxed e-con e-child\" data-id=\"1b46669\" data-element_type=\"container\" data-settings=\"{&quot;content_width&quot;:&quot;boxed&quot;}\">\n\t\t\t\t\t<div class=\"e-con-inner\">\n\t\t\t\t<div class=\"elementor-element elementor-element-11f59d3 elementor-widget elementor-widget-text-editor\" data-id=\"11f59d3\" data-element_type=\"widget\" data-widget_type=\"text-editor.default\">\n\t\t\t\t<div class=\"elementor-widget-container\">\n\t\t\t<style>\/*! elementor - v3.19.0 - 28-02-2024 *\/\n.elementor-widget-text-editor.elementor-drop-cap-view-stacked .elementor-drop-cap{background-color:#69727d;color:#fff}.elementor-widget-text-editor.elementor-drop-cap-view-framed .elementor-drop-cap{color:#69727d;border:3px solid;background-color:transparent}.elementor-widget-text-editor:not(.elementor-drop-cap-view-default) .elementor-drop-cap{margin-top:8px}.elementor-widget-text-editor:not(.elementor-drop-cap-view-default) .elementor-drop-cap-letter{width:1em;height:1em}.elementor-widget-text-editor .elementor-drop-cap{float:left;text-align:center;line-height:1;font-size:50px}.elementor-widget-text-editor .elementor-drop-cap-letter{display:inline-block}<\/style>\t\t\t\t<p><!-- wp:paragraph --><\/p><div class=\"news-detail content-details\"><p>H\u00fcma Okullar\u0131 Kurucu Y\u00f6netim Kurulu Ba\u015fkan\u0131 Dr. Mehmet Birekul, \u0130stanbul\u2019un Fethi\u2019nin 568. y\u0131l\u0131n\u0131 kutlad\u0131. \u201cTarihin ak\u0131\u015f\u0131n\u0131n de\u011fi\u015fti\u011fi, yeni bir \u00e7a\u011f\u0131n ba\u015flad\u0131\u011f\u0131, bir\u00e7ok imparatorlu\u011fa ba\u015fkentlik yapm\u0131\u015f \u0130stanbul\u2019un T\u00fcrkiye topraklar\u0131nda yer almas\u0131 bizler i\u00e7in gurur vericidir. Medeniyet miras\u0131nda \u00f6nemli bir yere sahip olan \u0130stanbul, bu g\u00fcne kadar bir\u00e7ok devlet kuran T\u00fcrk milleti i\u00e7in de olduk\u00e7a \u00f6nemli bir yere sahiptir. Tarihimizin en b\u00fcy\u00fck sahnesi de 1453\u2019te \u0130stanbul\u2019un fethi ile Fatih Sultan Mehmet Han \u00f6nderli\u011finde ya\u015fanm\u0131\u015ft\u0131r. Fethi ile yeni bir ba\u015flang\u0131ca vesile olan Fatih Sultan Mehmet Han, yak\u0131p y\u0131karak de\u011fil aksine yap\u0131p, d\u00fczelterek yeni bir \u00e7a\u011fa ad\u0131m atmam\u0131z\u0131 sa\u011flam\u0131\u015ft\u0131r. Bizler de atalar\u0131m\u0131z gibi ancak bug\u00fcn\u00fcn de\u011fi\u015fen fetih \u015fekli ile; ilim, fen, k\u00fclt\u00fcr, sanat, sevgi, sayg\u0131, dostluk ile g\u00f6n\u00fclleri fethetmeliyiz. Emanetlerimize sahip \u00e7\u0131kmal\u0131, y\u00fcceltmeli, evrensel bir anlay\u0131\u015f geli\u015ftirmeliyiz. 1453 \u0130stanbul\u2019un Fethi\u2019nin 568. y\u0131l d\u00f6n\u00fcm\u00fcn\u00fc b\u00fct\u00fcn milletimize, \u0130slam alemine ve t\u00fcm insanl\u0131\u011fa hay\u0131rlar getirmesini diliyorum. Peygamberimiz Hz. Muhammed\u2019in m\u00fcjdesiyle b\u00f6yle bir \u015fehri fetheden bir komutan\u0131n, bir ecdad\u0131n evlatlar\u0131 olmaktan onur duyuyor; \u0130stanbul\u2019un fethinin mimar\u0131, b\u00fcy\u00fck devlet adam\u0131 Fatih Sultan Mehmet Han\u2019\u0131, vatan u\u011frunda canlar\u0131n\u0131 feda eden t\u00fcm \u015fehitlerimizi sayg\u0131 ve rahmetle y\u00e2d ediyor, sayg\u0131lar\u0131m\u0131 sunuyorum.\u201d<\/p><p>Haberin devam\u0131 i\u00e7in:<a href=\"http:\/\/ipekyoluhaber.net\/haber-dr.-mehmet-birekul-dan-istanbul-un-fethi-kutlama-mesaji-24820.html\">http:\/\/ipekyoluhaber.net\/haber-dr.-mehmet-birekul-dan-istanbul-un-fethi-kutlama-mesaji-24820.html<\/a><\/p><p>Haberin devam\u0131 i\u00e7in:<a href=\"https:\/\/www.konyadahaber.com\/news-detail.php?Id=118527\">https:\/\/www.konyadahaber.com\/news-detail.php?Id=118527<\/a><\/p><p>Haberin devam\u0131 i\u00e7in:<a href=\"https:\/\/www.ureticihaber.com\/mobil\/haber\/36794\/dr-mehmet-birekuldan-istanbulun-fethi-kutlama-mesaji.html\">https:\/\/www.ureticihaber.com\/mobil\/haber\/36794\/dr-mehmet-birekuldan-istanbulun-fethi-kutlama-mesaji.html<\/a><\/p><p>Haberin devam\u0131 i\u00e7in:<a href=\"https:\/\/www.pusulahaber.com.tr\/service\/amp\/dr-mehmet-birekuldan-istanbulun-fethi-kutlama-mesaji-1443582h.htm\">https:\/\/www.pusulahaber.com.tr\/service\/amp\/dr-mehmet-birekuldan-istanbulun-fethi-kutlama-mesaji-1443582h.htm<\/a><\/p><p>Haberin devam\u0131 i\u00e7in:<a href=\"https:\/\/www.merhabahaber.com\/service\/amp\/birekuldan-istanbulun-fethi-kutlama-mesaji-1837339h.htm\">https:\/\/www.merhabahaber.com\/service\/amp\/birekuldan-istanbulun-fethi-kutlama-mesaji-1837339h.htm<\/a><\/p><p>Haberin devam\u0131 i\u00e7in:<a href=\"http:\/\/www.konyayenigun.com\/yerel\/istanbulun-fethi-bizim-gurur-tablomuz-h559592.html\">http:\/\/www.konyayenigun.com\/yerel\/istanbulun-fethi-bizim-gurur-tablomuz-h559592.html<\/a><\/p><p>Haberin devam\u0131 i\u00e7in:<a href=\"https:\/\/www.bbnhaber.com.tr\/birekul-dan-istanbul-un-fethi-kutlama-mesaji\">https:\/\/www.bbnhaber.com.tr\/birekul-dan-istanbul-un-fethi-kutlama-mesaji<\/a><\/p><\/div><div>\u00a0<\/div><p><!-- \/wp:paragraph --><\/p>\t\t\t\t\t\t<\/div>\n\t\t\t\t<\/div>\n\t\t\t\t\t<\/div>\n\t\t\t\t<\/div>\n\t\t\t\t\t<\/div>\n\t\t\t\t<\/div>\n\t\t\t\t<\/div>\n\t\t","protected":false},"excerpt":{"rendered":"<div class=\"tmnf_excerpt\"><p>H\u00fcma Okullar\u0131 Kurucu Y\u00f6netim Kurulu Ba\u015fkan\u0131 Dr. Mehmet Birekul, \u0130stanbul\u2019un Fethi\u2019nin 568. y\u0131l\u0131n\u0131 kutlad\u0131. \u201cTarihin ak\u0131\u015f\u0131n\u0131n de\u011fi\u015fti\u011fi, yeni bir \u00e7a\u011f\u0131n ba\u015flad\u0131\u011f\u0131, bir\u00e7ok imparatorlu\u011fa ba\u015fkentlik yapm\u0131\u015f \u0130stanbul\u2019un T\u00fcrkiye topraklar\u0131nda yer almas\u0131 bizler i\u00e7in gurur vericidir. <\/p>\n<\/div>","protected":false},"author":1,"featured_media":8307,"comment_status":"closed","ping_status":"closed","sticky":false,"template":"","format":"standard","meta":{"_monsterinsights_skip_tracking":false,"_monsterinsights_sitenote_active":false,"_monsterinsights_sitenote_note":"","_monsterinsights_sitenote_category":0,"footnotes":""},"categories":[94],"tags":[],"class_list":["post-8306","post","type-post","status-publish","format-standard","has-post-thumbnail","hentry","category-2021-haberler"],"acf":[],"aioseo_notices":[],"_links":{"self":[{"href":"https:\/\/humaokullari.com\/index.php\/wp-json\/wp\/v2\/posts\/8306","targetHints":{"allow":["GET"]}}],"collection":[{"href":"https:\/\/humaokullari.com\/index.php\/wp-json\/wp\/v2\/posts"}],"about":[{"href":"https:\/\/humaokullari.com\/index.php\/wp-json\/wp\/v2\/types\/post"}],"author":[{"embeddable":true,"href":"https:\/\/humaokullari.com\/index.php\/wp-json\/wp\/v2\/users\/1"}],"replies":[{"embeddable":true,"href":"https:\/\/humaokullari.com\/index.php\/wp-json\/wp\/v2\/comments?post=8306"}],"version-history":[{"count":4,"href":"https:\/\/humaokullari.com\/index.php\/wp-json\/wp\/v2\/posts\/8306\/revisions"}],"predecessor-version":[{"id":8311,"href":"https:\/\/humaokullari.com\/index.php\/wp-json\/wp\/v2\/posts\/8306\/revisions\/8311"}],"wp:featuredmedia":[{"embeddable":true,"href":"https:\/\/humaokullari.com\/index.php\/wp-json\/wp\/v2\/media\/8307"}],"wp:attachment":[{"href":"https:\/\/humaokullari.com\/index.php\/wp-json\/wp\/v2\/media?parent=8306"}],"wp:term":[{"taxonomy":"category","embeddable":true,"href":"https:\/\/humaokullari.com\/index.php\/wp-json\/wp\/v2\/categories?post=8306"},{"taxonomy":"post_tag","embeddable":true,"href":"https:\/\/humaokullari.com\/index.php\/wp-json\/wp\/v2\/tags?post=8306"}],"curies":[{"name":"wp","href":"https:\/\/api.w.org\/{rel}","templated":true}]}}