{"id":9062,"date":"2024-05-20T09:16:45","date_gmt":"2024-05-20T06:16:45","guid":{"rendered":"https:\/\/humaokullari.com\/?p=9062"},"modified":"2024-05-22T15:56:14","modified_gmt":"2024-05-22T12:56:14","slug":"huma-okullarinda-mezuniyet-coskusu","status":"publish","type":"post","link":"https:\/\/humaokullari.com\/index.php\/2024\/05\/20\/huma-okullarinda-mezuniyet-coskusu\/","title":{"rendered":"H\u00fcma Okullar\u0131&#8217;nda mezuniyet co\u015fkusu"},"content":{"rendered":"<p><img fetchpriority=\"high\" decoding=\"async\" src=\"https:\/\/humaokullari.com\/wp-content\/uploads\/2024\/05\/df47e842-24db-40e2-9150-c933ebd9e930-1-1024x1024.jpg\" alt=\"\" width=\"699\" height=\"699\" \/><\/p>\n<blockquote><p>Sel\u00e7uklu Belediyesi konferans alonunda d\u00fczenlenen program, t\u00f6ren \u00f6ncesi m\u00fczik dinletisiyle a\u00e7\u0131ld\u0131. T\u00f6rene sayg\u0131 duru\u015fu ve \u0130stiklal Mar\u015f\u0131&#8217;n\u0131n okunmas\u0131yla ba\u015fland\u0131. Bayrak flama devir tesliminin ard\u0131ndan ge\u00e7ici mezuniyet belgeleri \u00f6\u011frencilere verildi.<\/p><\/blockquote>\n<p>Okul birincilerine ve 5 y\u0131l\u0131n\u0131 dolduran \u00f6\u011fretmenlere plaket takdiminin ard\u0131ndan s\u00f6z alan H\u00fcma Okullar\u0131 Kurucu-Y\u00f6netim Kurulu Ba\u015fkan\u0131 Dr. Mehmet B\u0130REKUL, t\u00f6rende yapt\u0131\u011f\u0131 konu\u015fmada, \u00f6ncelikle mezun olan \u00f6\u011frencilerimizi tebrik etti\u011fini s\u00f6yledi.Mezuniyetin \u00f6\u011frenciler i\u00e7in yeni bir ba\u015flang\u0131\u00e7 oldu\u011funu belirten Birekul; \u2018\u2018\u00c7ocuklar\u0131m\u0131z\u0131 akademik ve sosyal anlamda geli\u015ftiren, hayatlar\u0131na y\u00f6n veren ba\u015fta okul y\u00f6neticileri olmak \u00fczere, \u00f6\u011fretmenlerimize ve t\u00fcm ekibimize te\u015fekk\u00fcr ediyorum. Bildi\u011finiz \u00fczere 2 Haziran\u2019da yap\u0131lacak olan LGS s\u0131nav\u0131nda \u00f6ncelikle 8.s\u0131n\u0131f \u00f6\u011frencilerimize ve 8-9 Haziran\u2019da yap\u0131lacak olan Y\u00fcksek\u00f6\u011fretim Kurumlar\u0131 S\u0131nav\u0131nda 12. s\u0131n\u0131f \u00f6\u011frencilerimize \u015fimdiden ba\u015far\u0131lar diliyorum\u2018\u2018dedi.<\/p>\n<p>-HABER\u0130N DEVAMI \u0130\u00c7\u0130N TIKLAYINIZ.<\/p>\n<p><a href=\"https:\/\/www.saraymedya.com\/huma-okullarinda-mezuniyet-programi-168063.html\"><br \/>\nBuraya t\u0131kla<br \/>\n<\/a><\/p>\n","protected":false},"excerpt":{"rendered":"<div class=\"tmnf_excerpt\"><p>Sel\u00e7uklu Belediyesi konferans alonunda d\u00fczenlenen program, t\u00f6ren \u00f6ncesi m\u00fczik dinletisiyle a\u00e7\u0131ld\u0131. T\u00f6rene sayg\u0131 duru\u015fu ve \u0130stiklal Mar\u015f\u0131&#8217;n\u0131n okunmas\u0131yla ba\u015fland\u0131. Bayrak flama devir tesliminin ard\u0131ndan ge\u00e7ici mezuniyet belgeleri \u00f6\u011frencilere verildi. Okul birincilerine ve 5 y\u0131l\u0131n\u0131 dolduran \u00f6\u011fretmenlere plaket takdiminin ard\u0131ndan s\u00f6z alan H\u00fcma Okullar\u0131 Kurucu-Y\u00f6netim Kurulu Ba\u015fkan\u0131 Dr. Mehmet B\u0130REKUL, t\u00f6rende yapt\u0131\u011f\u0131 konu\u015fmada, \u00f6ncelikle mezun olan &hellip;<\/p>\n<\/div>","protected":false},"author":2,"featured_media":9063,"comment_status":"closed","ping_status":"closed","sticky":false,"template":"","format":"standard","meta":{"_monsterinsights_skip_tracking":false,"_monsterinsights_sitenote_active":false,"_monsterinsights_sitenote_note":"","_monsterinsights_sitenote_category":0,"footnotes":""},"categories":[93],"tags":[],"class_list":["post-9062","post","type-post","status-publish","format-standard","has-post-thumbnail","hentry","category-2024-haberler"],"acf":[],"aioseo_notices":[],"_links":{"self":[{"href":"https:\/\/humaokullari.com\/index.php\/wp-json\/wp\/v2\/posts\/9062","targetHints":{"allow":["GET"]}}],"collection":[{"href":"https:\/\/humaokullari.com\/index.php\/wp-json\/wp\/v2\/posts"}],"about":[{"href":"https:\/\/humaokullari.com\/index.php\/wp-json\/wp\/v2\/types\/post"}],"author":[{"embeddable":true,"href":"https:\/\/humaokullari.com\/index.php\/wp-json\/wp\/v2\/users\/2"}],"replies":[{"embeddable":true,"href":"https:\/\/humaokullari.com\/index.php\/wp-json\/wp\/v2\/comments?post=9062"}],"version-history":[{"count":21,"href":"https:\/\/humaokullari.com\/index.php\/wp-json\/wp\/v2\/posts\/9062\/revisions"}],"predecessor-version":[{"id":9096,"href":"https:\/\/humaokullari.com\/index.php\/wp-json\/wp\/v2\/posts\/9062\/revisions\/9096"}],"wp:featuredmedia":[{"embeddable":true,"href":"https:\/\/humaokullari.com\/index.php\/wp-json\/wp\/v2\/media\/9063"}],"wp:attachment":[{"href":"https:\/\/humaokullari.com\/index.php\/wp-json\/wp\/v2\/media?parent=9062"}],"wp:term":[{"taxonomy":"category","embeddable":true,"href":"https:\/\/humaokullari.com\/index.php\/wp-json\/wp\/v2\/categories?post=9062"},{"taxonomy":"post_tag","embeddable":true,"href":"https:\/\/humaokullari.com\/index.php\/wp-json\/wp\/v2\/tags?post=9062"}],"curies":[{"name":"wp","href":"https:\/\/api.w.org\/{rel}","templated":true}]}}