{"id":9325,"date":"2024-11-21T15:40:14","date_gmt":"2024-11-21T12:40:14","guid":{"rendered":"https:\/\/humaokullari.com\/?p=9325"},"modified":"2024-11-25T09:49:28","modified_gmt":"2024-11-25T06:49:28","slug":"huma-okullarina-bir-odul-daha","status":"publish","type":"post","link":"https:\/\/humaokullari.com\/index.php\/2024\/11\/21\/huma-okullarina-bir-odul-daha\/","title":{"rendered":"H\u00fcma Okullar\u0131na Bir \u00d6d\u00fcl Daha&#8230;"},"content":{"rendered":"\n<p><strong>Konya Sel\u00e7uklu M\u00fcft\u00fcl\u00fc\u011f\u00fc taraf\u0131ndan, Mevlid-i Nebevi Haftas\u0131 etkinlikleri kapsam\u0131nda; Ortaokul \u00f6\u011frencileri aras\u0131nda \u2018\u2019Peygamberimize Mektup\u2019\u2019 ile Lise \u00f6\u011frencileri aras\u0131nda \u2018\u2019Peygamberimize Sesleni\u015f\u2019\u2019 konulu \u015fiir yazma yar\u0131\u015fmas\u0131nda, H\u00fcma Ortaokulu 6. S\u0131n\u0131f \u00f6\u011frencisi Bahad\u0131r Ege YAL\u00c7IN Konya 3.s\u00fc oldu. <\/strong><\/p>\n\n\n\n<figure class=\"wp-block-image size-large is-resized\"><a href=\"https:\/\/humaokullari.com\/wp-content\/uploads\/2024\/11\/image.png\"><img fetchpriority=\"high\" decoding=\"async\" width=\"1024\" height=\"713\" src=\"https:\/\/humaokullari.com\/wp-content\/uploads\/2024\/11\/image-1024x713.png\" alt=\"\" class=\"wp-image-9327\" style=\"width:534px;height:auto\" srcset=\"https:\/\/humaokullari.com\/wp-content\/uploads\/2024\/11\/image-1024x713.png 1024w, https:\/\/humaokullari.com\/wp-content\/uploads\/2024\/11\/image-300x209.png 300w, https:\/\/humaokullari.com\/wp-content\/uploads\/2024\/11\/image-768x535.png 768w, https:\/\/humaokullari.com\/wp-content\/uploads\/2024\/11\/image-1536x1069.png 1536w, https:\/\/humaokullari.com\/wp-content\/uploads\/2024\/11\/image.png 1600w\" sizes=\"(max-width: 1024px) 100vw, 1024px\" \/><\/a><\/figure>\n\n\n\n<p> 20 Kas\u0131m 2024 tarihinde Sel\u00e7uklu M\u00fcft\u00fcl\u00fc\u011f\u00fc konferans salonunda yap\u0131lan \u00f6d\u00fcl t\u00f6reninde, H\u00fcma Okullar\u0131na Sel\u00e7uklu M\u00fcft\u00fcs\u00fc Selim YAZICI taraf\u0131ndan plaket verilirken, dereceye giren \u00f6\u011frencilerin \u00f6d\u00fclleri ise Sel\u00e7uklu \u0130l\u00e7e Milli E\u011fitim M\u00fcd\u00fcr\u00fc Turan KAYACILAR taraf\u0131ndan takdim edildi.<\/p>\n\n\n\n<p>H\u00fcma Okullar\u0131 Kurucu Y\u00f6netim Kurulu Ba\u015fkan\u0131 Dr. Mehmet B\u0130REKUL, \u2018\u2019 \u00f6\u011frencilerimiz bizim en k\u0131ymetlilerimizdir, onlar\u0131n ba\u015far\u0131s\u0131 toplumumuzun y\u00fcz ak\u0131d\u0131r \u2018\u2019 dedi ve dereceye giren 6.s\u0131n\u0131f \u00f6\u011frencisi Bahad\u0131r Ege YAL\u00c7IN\u2019\u0131 makam\u0131nda misafir ederek ba\u015far\u0131s\u0131ndan dolay\u0131 kendisini plaket ve hediye paketi ile ayr\u0131ca \u00f6d\u00fcllendirdi.<\/p>\n\n\n\n<p><strong>HABER\u0130 G\u00d6RMEK \u0130\u00c7\u0130N L\u00dcTFEN TIKLAYINIZ.<\/strong><\/p>\n\n\n\n<p><a href=\"https:\/\/www.konyapostasi.com.tr\/haber\/huma-okullarina-bir-odul-daha-190363\">https:\/\/www.konyapostasi.com.tr\/haber\/huma-okullarina-bir-odul-daha-1903<\/a><\/p>\n\n\n\n<p><a href=\"https:\/\/www.pusulahaber.com.tr\/humadan-bir-derece-daha-1772517h.htm\">https:\/\/www.pusulahaber.com.tr\/humadan-bir-derece-daha-1772517h.htm<\/a><\/p>\n\n\n\n<p><a href=\"https:\/\/www.ipekyoluhaber.net\/haber-huma-okullarina-bir-odul-daha-50633\">https:\/\/www.ipekyoluhaber.net\/haber-huma-okullarina-bir-odul-daha-50633<\/a><\/p>\n\n\n\n<p><a href=\"https:\/\/konyabakis.com\/yerel\/huma-okullarina-bir-odul-daha-10779h\">https:\/\/konyabakis.com\/yerel\/huma-okullarina-bir-odul-daha-10779h<\/a><\/p>\n\n\n\n<p><a href=\"https:\/\/konyabakis.com\/yerel\/huma-okullarina-bir-odul-daha-10779h\">https:\/\/konyabakis.com\/yerel\/huma-okullarina-bir-odul-daha-10779h<\/a><\/p>\n\n\n\n<p><a href=\"https:\/\/www.ureticihaber.com\/mobil\/haber\/huma-okullarina-bir-odul-daha-12571.html\">https:\/\/www.ureticihaber.com\/mobil\/haber\/huma-okullarina-bir-odul-daha-12571.html<\/a><\/p>\n\n\n\n<p><\/p>\n\n\n\n<p><\/p>\n\n\n\n\n<figure class=\"wp-block-post-featured-image\"><img decoding=\"async\" width=\"789\" height=\"847\" src=\"https:\/\/humaokullari.com\/wp-content\/uploads\/2024\/11\/12-2.jpg\" class=\"attachment-post-thumbnail size-post-thumbnail wp-post-image\" alt=\"\" style=\"object-fit:cover;\" srcset=\"https:\/\/humaokullari.com\/wp-content\/uploads\/2024\/11\/12-2.jpg 789w, https:\/\/humaokullari.com\/wp-content\/uploads\/2024\/11\/12-2-279x300.jpg 279w, https:\/\/humaokullari.com\/wp-content\/uploads\/2024\/11\/12-2-768x824.jpg 768w\" sizes=\"(max-width: 789px) 100vw, 789px\" \/><\/figure>","protected":false},"excerpt":{"rendered":"<div class=\"tmnf_excerpt\"><p>Konya Sel\u00e7uklu M\u00fcft\u00fcl\u00fc\u011f\u00fc taraf\u0131ndan, Mevlid-i Nebevi Haftas\u0131 etkinlikleri kapsam\u0131nda; Ortaokul \u00f6\u011frencileri aras\u0131nda \u2018\u2019Peygamberimize Mektup\u2019\u2019 ile Lise \u00f6\u011frencileri aras\u0131nda \u2018\u2019Peygamberimize Sesleni\u015f\u2019\u2019 konulu \u015fiir yazma yar\u0131\u015fmas\u0131nda, H\u00fcma Ortaokulu 6. S\u0131n\u0131f \u00f6\u011frencisi Bahad\u0131r Ege YAL\u00c7IN Konya 3.s\u00fc oldu. 20 Kas\u0131m 2024 tarihinde Sel\u00e7uklu M\u00fcft\u00fcl\u00fc\u011f\u00fc konferans salonunda yap\u0131lan \u00f6d\u00fcl t\u00f6reninde, H\u00fcma Okullar\u0131na Sel\u00e7uklu M\u00fcft\u00fcs\u00fc Selim YAZICI taraf\u0131ndan plaket verilirken, &hellip;<\/p>\n<\/div>","protected":false},"author":2,"featured_media":9341,"comment_status":"closed","ping_status":"closed","sticky":false,"template":"","format":"standard","meta":{"_monsterinsights_skip_tracking":false,"_monsterinsights_sitenote_active":false,"_monsterinsights_sitenote_note":"","_monsterinsights_sitenote_category":0,"footnotes":""},"categories":[93,1],"tags":[],"class_list":["post-9325","post","type-post","status-publish","format-standard","has-post-thumbnail","hentry","category-2024-haberler","category-genel"],"acf":[],"aioseo_notices":[],"_links":{"self":[{"href":"https:\/\/humaokullari.com\/index.php\/wp-json\/wp\/v2\/posts\/9325","targetHints":{"allow":["GET"]}}],"collection":[{"href":"https:\/\/humaokullari.com\/index.php\/wp-json\/wp\/v2\/posts"}],"about":[{"href":"https:\/\/humaokullari.com\/index.php\/wp-json\/wp\/v2\/types\/post"}],"author":[{"embeddable":true,"href":"https:\/\/humaokullari.com\/index.php\/wp-json\/wp\/v2\/users\/2"}],"replies":[{"embeddable":true,"href":"https:\/\/humaokullari.com\/index.php\/wp-json\/wp\/v2\/comments?post=9325"}],"version-history":[{"count":11,"href":"https:\/\/humaokullari.com\/index.php\/wp-json\/wp\/v2\/posts\/9325\/revisions"}],"predecessor-version":[{"id":9349,"href":"https:\/\/humaokullari.com\/index.php\/wp-json\/wp\/v2\/posts\/9325\/revisions\/9349"}],"wp:featuredmedia":[{"embeddable":true,"href":"https:\/\/humaokullari.com\/index.php\/wp-json\/wp\/v2\/media\/9341"}],"wp:attachment":[{"href":"https:\/\/humaokullari.com\/index.php\/wp-json\/wp\/v2\/media?parent=9325"}],"wp:term":[{"taxonomy":"category","embeddable":true,"href":"https:\/\/humaokullari.com\/index.php\/wp-json\/wp\/v2\/categories?post=9325"},{"taxonomy":"post_tag","embeddable":true,"href":"https:\/\/humaokullari.com\/index.php\/wp-json\/wp\/v2\/tags?post=9325"}],"curies":[{"name":"wp","href":"https:\/\/api.w.org\/{rel}","templated":true}]}}